{"id":936,"date":"2022-07-25T03:38:16","date_gmt":"2022-07-25T03:38:16","guid":{"rendered":"https:\/\/ce3.com.br\/blog\/?p=936"},"modified":"2023-01-21T19:58:54","modified_gmt":"2023-01-21T19:58:54","slug":"motivos-para-se-tornar-um-eletricista-predial","status":"publish","type":"post","link":"https:\/\/ce3.com.br\/blog\/motivos-para-se-tornar-um-eletricista-predial\/","title":{"rendered":"Motivos para se tornar um eletricista predial"},"content":{"rendered":"\n<p>A \u00e1rea de El\u00e9trica est\u00e1 entre as profiss\u00f5es que mais v\u00e3o demandar profissionais qualificados para os pr\u00f3ximos anos.<br>No ramo da constru\u00e7\u00e3o, o eletricista predial \u00e9 muito requisitado. O eletricista predial e industrial \u00e9 o profissional respons\u00e1vel pelas instala\u00e7\u00f5es el\u00e9tricas das edifica\u00e7\u00f5es, do in\u00edcio ao fim do processo de uma obra.<\/p>\n\n\n\n<p>O mercado vem se posicionando de forma satisfat\u00f3ria para com os eletricistas em geral. Nos \u00faltimos cinco anos, a iniciativa privada tem possibilitado a contrata\u00e7\u00e3o de mais de 661 mil profissionais nesta \u00e1rea.<\/p>\n\n\n\n<p>N\u00e3o bastassem as boas oportunidades de mercado, alguns profissionais relatam que chegam a gerar uma renda mensal de at\u00e9 R$5.000 apenas com \u201cbicos\u201d pequenos \u2014 como ajustes em chuveiros \u2014 ou maiores, como a instala\u00e7\u00e3o completa de rede el\u00e9trica de uma casa.<\/p>\n\n\n\n<p>Confira os motivos pra escolher ser um Eletricista Predial:<\/p>\n\n\n\n<p>1 &#8211; Muitas possibilidades para atuar<\/p>\n\n\n\n<p>As possibilidades de atua\u00e7\u00e3o n\u00e3o se restringem \u00e0s constru\u00e7\u00f5es. A manuten\u00e7\u00e3o preventiva, preditiva e corretiva s\u00e3o algumas op\u00e7\u00f5es que explicam por que o mercado est\u00e1 sempre em alta para essa \u00e1rea.A telefonia, gra\u00e7as \u00e0 sua expans\u00e3o por todo o pa\u00eds, tamb\u00e9m contribui para aumentar a necessidade de recrutamento de eletricistas.<\/p>\n\n\n\n<p>2 &#8211; Mercado atrativo para os aut\u00f4nomos<\/p>\n\n\n\n<p>Al\u00e9m muitas oportunidades de emprego na empresas de constru\u00e7\u00e3o civil, h\u00e1 um mercado atrativo para os aut\u00f4nomos. Desde que esse profissional consiga se organizar bem, os rendimentos mensais podem ser ainda mais interessantes do que os de um emprego fixo.<\/p>\n\n\n\n<p>3 &#8211; Muitas vagas<\/p>\n\n\n\n<p>Em uma r\u00e1pida pesquisa em dois sites que divulgam vagas de emprego, encontramos 251 vagas dispon\u00edveis para esse profissional no primeiro, e 208 vagas em um no segundo.<\/p>\n\n\n\n<p>4 &#8211; M\u00e9dia salarial alta<\/p>\n\n\n\n<p>Em um dos principais portais de divulga\u00e7\u00e3o de vagas de emprego, o Catho, as oportunidades para um Eletricista Predial chegam a oferecer sal\u00e1rios que giram em torno dos R$ 3.000.<\/p>\n\n\n\n<p>Contudo, os valores podem variar, uma vez que esse tipo de profiss\u00e3o permite o trabalho de forma aut\u00f4noma do profissional, o qual ganhar\u00e1 de acordo com a quantidade de trabalhos executados.<\/p>\n\n\n\n<p>H\u00e1, ainda, chances de trabalho para quem prefere se tornar servidor p\u00fablico da \u00e1rea, se inscrevendo para vagas de concurso p\u00fablico ofertadas em todo o pa\u00eds.<\/p>\n","protected":false},"excerpt":{"rendered":"<p>A \u00e1rea de El\u00e9trica est\u00e1 entre as profiss\u00f5es que mais v\u00e3o demandar profissionais qualificados para os pr\u00f3ximos anos.No ramo da constru\u00e7\u00e3o, o eletricista predial \u00e9 muito requisitado. O eletricista predial e industrial \u00e9 o profissional respons\u00e1vel pelas instala\u00e7\u00f5es el\u00e9tricas das edifica\u00e7\u00f5es, do in\u00edcio ao fim do processo de uma obra. O mercado vem se posicionando [&hellip;]<\/p>\n","protected":false},"author":1,"featured_media":937,"comment_status":"open","ping_status":"open","sticky":false,"template":"","format":"standard","meta":{"_joinchat":[],"footnotes":""},"categories":[29],"tags":[122,110,111,123],"class_list":["post-936","post","type-post","status-publish","format-standard","has-post-thumbnail","hentry","category-empregabilidade","tag-eletricistapredial","tag-emprego","tag-oportunidades","tag-redeeletrica"],"_links":{"self":[{"href":"https:\/\/ce3.com.br\/blog\/wp-json\/wp\/v2\/posts\/936","targetHints":{"allow":["GET"]}}],"collection":[{"href":"https:\/\/ce3.com.br\/blog\/wp-json\/wp\/v2\/posts"}],"about":[{"href":"https:\/\/ce3.com.br\/blog\/wp-json\/wp\/v2\/types\/post"}],"author":[{"embeddable":true,"href":"https:\/\/ce3.com.br\/blog\/wp-json\/wp\/v2\/users\/1"}],"replies":[{"embeddable":true,"href":"https:\/\/ce3.com.br\/blog\/wp-json\/wp\/v2\/comments?post=936"}],"version-history":[{"count":0,"href":"https:\/\/ce3.com.br\/blog\/wp-json\/wp\/v2\/posts\/936\/revisions"}],"wp:featuredmedia":[{"embeddable":true,"href":"https:\/\/ce3.com.br\/blog\/wp-json\/wp\/v2\/media\/937"}],"wp:attachment":[{"href":"https:\/\/ce3.com.br\/blog\/wp-json\/wp\/v2\/media?parent=936"}],"wp:term":[{"taxonomy":"category","embeddable":true,"href":"https:\/\/ce3.com.br\/blog\/wp-json\/wp\/v2\/categories?post=936"},{"taxonomy":"post_tag","embeddable":true,"href":"https:\/\/ce3.com.br\/blog\/wp-json\/wp\/v2\/tags?post=936"}],"curies":[{"name":"wp","href":"https:\/\/api.w.org\/{rel}","templated":true}]}}